{"id":1472,"date":"2021-04-06T10:41:00","date_gmt":"2021-04-06T08:41:00","guid":{"rendered":"http:\/\/wordpress.p581909.webspaceconfig.de\/?p=1472"},"modified":"2021-04-07T19:00:11","modified_gmt":"2021-04-07T17:00:11","slug":"corona-impfung-bei-uns-in-der-praxis","status":"publish","type":"post","link":"http:\/\/apw.index01.de\/?p=1472","title":{"rendered":"Corona-Impfung bei uns in der Praxis"},"content":{"rendered":"\n<div class=\"wp-block-media-text alignwide is-stacked-on-mobile\" style=\"grid-template-columns:31% auto\"><figure class=\"wp-block-media-text__media\"><img loading=\"lazy\" decoding=\"async\" width=\"955\" height=\"1024\" src=\"http:\/\/apw.index01.de\/wp-content\/uploads\/2021\/04\/BHV-Coronaipfung_web-955x1024.jpg\" alt=\"\" class=\"wp-image-1478 size-full\" srcset=\"http:\/\/apw.index01.de\/wp-content\/uploads\/2021\/04\/BHV-Coronaipfung_web-955x1024.jpg 955w, http:\/\/apw.index01.de\/wp-content\/uploads\/2021\/04\/BHV-Coronaipfung_web-280x300.jpg 280w, http:\/\/apw.index01.de\/wp-content\/uploads\/2021\/04\/BHV-Coronaipfung_web-768x823.jpg 768w, http:\/\/apw.index01.de\/wp-content\/uploads\/2021\/04\/BHV-Coronaipfung_web.jpg 1182w\" sizes=\"auto, (max-width: 955px) 100vw, 955px\" \/><\/figure><div class=\"wp-block-media-text__content\">\n<p class=\"wp-block-paragraph\"><strong>Auch wir impfen Sie gegen Corona. <\/strong><\/p>\n\n\n\n<p class=\"wp-block-paragraph\">Wir sind allerdings an die <a href=\"https:\/\/www.bundesgesundheitsministerium.de\/service\/gesetze-und-verordnungen.html\"><strong>Coronavirus-Impfverordnung des Bundesministeriums f\u00fcr Gesundheit<\/strong><\/a> gebunden und kommen bez\u00fcglich eines Impftermins auf Sie zu. <\/p>\n\n\n\n<p class=\"wp-block-paragraph\">Falls Sie denken, zu einer priorisierten Gruppe zu geh\u00f6ren, nehmen Sie alsbald <a href=\"http:\/\/wordpress.p581909.webspaceconfig.de\/?page_id=154\">Kontakt <\/a>zu uns auf.<\/p>\n\n\n\n<p class=\"wp-block-paragraph\">F\u00fcr weitere Informationen rund um das Thema der Corona-Impfung hat der Bayrische Haus\u00e4rzte-Verband eine Informationsschrift erstellt. <a href=\"https:\/\/www.hausaerzte-bayern.de\/wrapper\/bestellung-info-material\/covid_flyer.pdf\">Diese k\u00f6nnen Sie hier downloaden.<\/a><\/p>\n<\/div><\/div>\n","protected":false},"excerpt":{"rendered":"<p>Auch wir impfen Sie gegen Corona. Wir sind allerdings an die Coronavirus-Impfverordnung des Bundesministeriums f\u00fcr Gesundheit gebunden und kommen bez\u00fcglich eines Impftermins auf Sie zu. Falls Sie denken, zu einer priorisierten Gruppe zu geh\u00f6ren, nehmen Sie alsbald Kontakt zu uns auf. F\u00fcr weitere Informationen rund um das Thema der Corona-Impfung hat der Bayrische Haus\u00e4rzte-Verband eine &#8230; <a title=\"Corona-Impfung bei uns in der Praxis\" class=\"read-more\" href=\"http:\/\/apw.index01.de\/?p=1472\" aria-label=\"Mehr Informationen \u00fcber Corona-Impfung bei uns in der Praxis\">Weiterlesen &#8230;<\/a><\/p>\n","protected":false},"author":2,"featured_media":0,"comment_status":"closed","ping_status":"closed","sticky":false,"template":"","format":"standard","meta":{"_uag_custom_page_level_css":"","footnotes":""},"categories":[1,14,13],"tags":[],"class_list":["post-1472","post","type-post","status-publish","format-standard","hentry","category-allgemein","category-corona","category-praxis"],"uagb_featured_image_src":{"full":false,"thumbnail":false,"medium":false,"medium_large":false,"large":false,"1536x1536":false,"2048x2048":false},"uagb_author_info":{"display_name":"ukolbert","author_link":"http:\/\/apw.index01.de\/?author=2"},"uagb_comment_info":0,"uagb_excerpt":"Auch wir impfen Sie gegen Corona. Wir sind allerdings an die Coronavirus-Impfverordnung des Bundesministeriums f\u00fcr Gesundheit gebunden und kommen bez\u00fcglich eines Impftermins auf Sie zu. Falls Sie denken, zu einer priorisierten Gruppe zu geh\u00f6ren, nehmen Sie alsbald Kontakt zu uns auf. F\u00fcr weitere Informationen rund um das Thema der Corona-Impfung hat der Bayrische Haus\u00e4rzte-Verband eine&hellip;","_links":{"self":[{"href":"http:\/\/apw.index01.de\/index.php?rest_route=\/wp\/v2\/posts\/1472","targetHints":{"allow":["GET"]}}],"collection":[{"href":"http:\/\/apw.index01.de\/index.php?rest_route=\/wp\/v2\/posts"}],"about":[{"href":"http:\/\/apw.index01.de\/index.php?rest_route=\/wp\/v2\/types\/post"}],"author":[{"embeddable":true,"href":"http:\/\/apw.index01.de\/index.php?rest_route=\/wp\/v2\/users\/2"}],"replies":[{"embeddable":true,"href":"http:\/\/apw.index01.de\/index.php?rest_route=%2Fwp%2Fv2%2Fcomments&post=1472"}],"version-history":[{"count":10,"href":"http:\/\/apw.index01.de\/index.php?rest_route=\/wp\/v2\/posts\/1472\/revisions"}],"predecessor-version":[{"id":1488,"href":"http:\/\/apw.index01.de\/index.php?rest_route=\/wp\/v2\/posts\/1472\/revisions\/1488"}],"wp:attachment":[{"href":"http:\/\/apw.index01.de\/index.php?rest_route=%2Fwp%2Fv2%2Fmedia&parent=1472"}],"wp:term":[{"taxonomy":"category","embeddable":true,"href":"http:\/\/apw.index01.de\/index.php?rest_route=%2Fwp%2Fv2%2Fcategories&post=1472"},{"taxonomy":"post_tag","embeddable":true,"href":"http:\/\/apw.index01.de\/index.php?rest_route=%2Fwp%2Fv2%2Ftags&post=1472"}],"curies":[{"name":"wp","href":"https:\/\/api.w.org\/{rel}","templated":true}]}}